{"id":498086,"date":"2026-04-29T00:00:00","date_gmt":"2026-04-29T05:00:00","guid":{"rendered":"https:\/\/diarioavancetabasco.com\/?p=498086"},"modified":"2026-04-28T22:33:39","modified_gmt":"2026-04-29T03:33:39","slug":"muere-trabajador-de-shakira-en-montaje-de-su-concierto","status":"publish","type":"post","link":"https:\/\/diarioavancetabasco.com\/?p=498086","title":{"rendered":"Muere trabajador de Shakira\u00a0en montaje de su concierto"},"content":{"rendered":"\n<p>Shakira lamenta la muerte de un trabajador de una empresa encargada del montaje del escenario del megaconcierto que ofrecer\u00e1 este s\u00e1bado en la playa de Copacabana, en R\u00edo de Janeiro, y que muri\u00f3 este domingo en un accidente laboral:<\/p>\n\n\n\n<p>\u201cMi coraz\u00f3n est\u00e1 con su familia y sus seres queridos\u201d.<\/p>\n\n\n\n<p>\u201cEstoy profundamente entristecida por la familia, los amigos y los compa\u00f1eros de Gabriel de Jesus Firmino, un trabajador local que perdi\u00f3 la vida ayer en el lugar. Mi coraz\u00f3n est\u00e1 con su familia y sus seres queridos\u201d, ha se\u00f1alado la cantante en un comunicado difundido por su equipo.<\/p>\n\n\n\n<p>La v\u00edctima, un t\u00e9cnico de seguridad de 28 a\u00f1os, falleci\u00f3 por el impacto de \u201cuna estructura del montaje del escenario que se desplom\u00f3\u201d, seg\u00fan se\u00f1al\u00f3 la Polic\u00eda Militar de R\u00edo ayer en una nota.<\/p>\n\n\n\n<p>De acuerdo con el testimonio de otros empleados citados por el Cuerpo de Bomberos, el joven \u201csufri\u00f3 el aplastamiento de las extremidades inferiores en un sistema de elevaci\u00f3n\u201d.<\/p>\n\n\n\n<p>Cuando llegaron los equipos de rescate, la v\u00edctima ya hab\u00eda sido retirada del lugar del accidente por sus compa\u00f1eros. Recibi\u00f3 primeros auxilios in situ y r\u00e1pidamente fue conducida a un hospital, pero no resisti\u00f3 las heridas y falleci\u00f3.<\/p>\n\n\n\n<p>La Polic\u00eda Civil de R\u00edo ha abierto una investigaci\u00f3n para esclarecer las circunstancias del siniestro.<\/p>\n\n\n\n<p>Shakira se presentar\u00e1 en la playa de Copacabana, en R\u00edo de Janeiro, el s\u00e1bado 2 de mayo de 2026.<\/p>\n\n\n\n<p>Este concierto gratuito, parte de su gira mundial, se espera que sea uno de los mayores de su carrera, con una asistencia estimada de m\u00e1s de un mill\u00f3n de personas frente al ic\u00f3nico Hotel Copacabana Palace.<\/p>\n","protected":false},"excerpt":{"rendered":"<p>Shakira lamenta la muerte de un trabajador de una empresa encargada del montaje del escenario del megaconcierto que ofrecer\u00e1 este s\u00e1bado en la playa de Copacabana, en R\u00edo de Janeiro, y que muri\u00f3 este domingo en un accidente laboral: \u201cMi coraz\u00f3n est\u00e1 con su familia y sus seres queridos\u201d. \u201cEstoy profundamente entristecida por la familia, [&hellip;]<\/p>\n","protected":false},"author":2,"featured_media":498089,"comment_status":"closed","ping_status":"closed","sticky":false,"template":"","format":"standard","meta":{"footnotes":""},"categories":[11],"tags":[],"class_list":["post-498086","post","type-post","status-publish","format-standard","has-post-thumbnail","hentry","category-espectaculos"],"_links":{"self":[{"href":"https:\/\/diarioavancetabasco.com\/index.php?rest_route=\/wp\/v2\/posts\/498086","targetHints":{"allow":["GET"]}}],"collection":[{"href":"https:\/\/diarioavancetabasco.com\/index.php?rest_route=\/wp\/v2\/posts"}],"about":[{"href":"https:\/\/diarioavancetabasco.com\/index.php?rest_route=\/wp\/v2\/types\/post"}],"author":[{"embeddable":true,"href":"https:\/\/diarioavancetabasco.com\/index.php?rest_route=\/wp\/v2\/users\/2"}],"replies":[{"embeddable":true,"href":"https:\/\/diarioavancetabasco.com\/index.php?rest_route=%2Fwp%2Fv2%2Fcomments&post=498086"}],"version-history":[{"count":1,"href":"https:\/\/diarioavancetabasco.com\/index.php?rest_route=\/wp\/v2\/posts\/498086\/revisions"}],"predecessor-version":[{"id":498090,"href":"https:\/\/diarioavancetabasco.com\/index.php?rest_route=\/wp\/v2\/posts\/498086\/revisions\/498090"}],"wp:featuredmedia":[{"embeddable":true,"href":"https:\/\/diarioavancetabasco.com\/index.php?rest_route=\/wp\/v2\/media\/498089"}],"wp:attachment":[{"href":"https:\/\/diarioavancetabasco.com\/index.php?rest_route=%2Fwp%2Fv2%2Fmedia&parent=498086"}],"wp:term":[{"taxonomy":"category","embeddable":true,"href":"https:\/\/diarioavancetabasco.com\/index.php?rest_route=%2Fwp%2Fv2%2Fcategories&post=498086"},{"taxonomy":"post_tag","embeddable":true,"href":"https:\/\/diarioavancetabasco.com\/index.php?rest_route=%2Fwp%2Fv2%2Ftags&post=498086"}],"curies":[{"name":"wp","href":"https:\/\/api.w.org\/{rel}","templated":true}]}}