{"id":498140,"date":"2026-04-29T19:55:53","date_gmt":"2026-04-30T00:55:53","guid":{"rendered":"https:\/\/diarioavancetabasco.com\/?p=498140"},"modified":"2026-04-29T19:55:55","modified_gmt":"2026-04-30T00:55:55","slug":"ecuador-amplia-toque-de-queda-nocturno-para-frenar-ola-de-violencia","status":"publish","type":"post","link":"https:\/\/diarioavancetabasco.com\/?p=498140","title":{"rendered":"Ecuador ampl\u00eda toque de queda nocturno para frenar ola de violencia"},"content":{"rendered":"\n<p class=\"has-medium-font-size\"><strong>Redacci\u00f3n \/AVANCE<\/strong><\/p>\n\n\n\n<p>El Gobierno de Ecuador anunci\u00f3 la ampliaci\u00f3n de un nuevo toque de queda nocturno en nueve provincias y cuatro municipios, como parte de una estrategia para reforzar el combate al crimen organizado, en medio de una escalada de violencia sin precedentes en el pa\u00eds.<\/p>\n\n\n\n<p>La medida, dispuesta por el presidente Daniel Noboa, estar\u00e1 vigente durante 15 d\u00edas, del 3 al 18 de mayo, con restricci\u00f3n de movilidad entre las 23:00 y las 5:00 horas locales. Esta es la segunda ocasi\u00f3n en el a\u00f1o en que se aplica una disposici\u00f3n de este tipo, luego de la implementada en marzo en provincias como Guayas, Los R\u00edos, Santa Elena y El Oro.<\/p>\n\n\n\n<p>En esta nueva fase, la restricci\u00f3n se extiende a territorios como Pichincha, Manab\u00ed, Sucumb\u00edos y Esmeraldas, donde se encuentran Quito y Guayaquil, las dos principales ciudades del pa\u00eds, que concentran altos \u00edndices de violencia y criminalidad, seg\u00fan datos oficiales.<\/p>\n\n\n\n<p>El decreto tambi\u00e9n incluye a los municipios de La Man\u00e1, Las Naves, Echeand\u00eda y La Troncal. Las autoridades argumentan que los grupos criminales han modificado sus operaciones hacia zonas no contempladas en la primera etapa del toque de queda, lo que ha generado un desplazamiento de la actividad delictiva sin una reducci\u00f3n estructural.<\/p>\n\n\n\n<p>De acuerdo con reportes oficiales, Ecuador cerr\u00f3 2025 con m\u00e1s de 9 mil homicidios, mientras que en el primer trimestre de 2026 ya se han registrado m\u00e1s de 2 mil asesinatos, principalmente derivados de disputas entre organizaciones criminales y alianzas entre bandas.<\/p>\n\n\n\n<p>Entre los grupos delictivos con mayor presencia destacan Lo<\/p>\n","protected":false},"excerpt":{"rendered":"<p>Redacci\u00f3n \/AVANCE El Gobierno de Ecuador anunci\u00f3 la ampliaci\u00f3n de un nuevo toque de queda nocturno en nueve provincias y cuatro municipios, como parte de una estrategia para reforzar el combate al crimen organizado, en medio de una escalada de violencia sin precedentes en el pa\u00eds. La medida, dispuesta por el presidente Daniel Noboa, estar\u00e1 [&hellip;]<\/p>\n","protected":false},"author":2,"featured_media":498141,"comment_status":"closed","ping_status":"closed","sticky":false,"template":"","format":"standard","meta":{"footnotes":""},"categories":[4],"tags":[],"class_list":["post-498140","post","type-post","status-publish","format-standard","has-post-thumbnail","hentry","category-mundo"],"_links":{"self":[{"href":"https:\/\/diarioavancetabasco.com\/index.php?rest_route=\/wp\/v2\/posts\/498140","targetHints":{"allow":["GET"]}}],"collection":[{"href":"https:\/\/diarioavancetabasco.com\/index.php?rest_route=\/wp\/v2\/posts"}],"about":[{"href":"https:\/\/diarioavancetabasco.com\/index.php?rest_route=\/wp\/v2\/types\/post"}],"author":[{"embeddable":true,"href":"https:\/\/diarioavancetabasco.com\/index.php?rest_route=\/wp\/v2\/users\/2"}],"replies":[{"embeddable":true,"href":"https:\/\/diarioavancetabasco.com\/index.php?rest_route=%2Fwp%2Fv2%2Fcomments&post=498140"}],"version-history":[{"count":1,"href":"https:\/\/diarioavancetabasco.com\/index.php?rest_route=\/wp\/v2\/posts\/498140\/revisions"}],"predecessor-version":[{"id":498142,"href":"https:\/\/diarioavancetabasco.com\/index.php?rest_route=\/wp\/v2\/posts\/498140\/revisions\/498142"}],"wp:featuredmedia":[{"embeddable":true,"href":"https:\/\/diarioavancetabasco.com\/index.php?rest_route=\/wp\/v2\/media\/498141"}],"wp:attachment":[{"href":"https:\/\/diarioavancetabasco.com\/index.php?rest_route=%2Fwp%2Fv2%2Fmedia&parent=498140"}],"wp:term":[{"taxonomy":"category","embeddable":true,"href":"https:\/\/diarioavancetabasco.com\/index.php?rest_route=%2Fwp%2Fv2%2Fcategories&post=498140"},{"taxonomy":"post_tag","embeddable":true,"href":"https:\/\/diarioavancetabasco.com\/index.php?rest_route=%2Fwp%2Fv2%2Ftags&post=498140"}],"curies":[{"name":"wp","href":"https:\/\/api.w.org\/{rel}","templated":true}]}}