{"id":498145,"date":"2026-04-29T20:16:55","date_gmt":"2026-04-30T01:16:55","guid":{"rendered":"https:\/\/diarioavancetabasco.com\/?p=498145"},"modified":"2026-04-29T20:16:57","modified_gmt":"2026-04-30T01:16:57","slug":"alcalde-de-culiacan-niega-vinculos-con-narcotrafico-tras-acusaciones-de-ee-uu","status":"publish","type":"post","link":"https:\/\/diarioavancetabasco.com\/?p=498145","title":{"rendered":"Alcalde de Culiac\u00e1n niega v\u00ednculos con narcotr\u00e1fico tras acusaciones de EE.UU."},"content":{"rendered":"\n<p class=\"has-medium-font-size\"><strong>Redacci\u00f3n \/ AVANCE<\/strong><\/p>\n\n\n\n<p>Luego de los se\u00f1alamientos emitidos por autoridades estadounidenses, el alcalde de Culiac\u00e1n, Juan de Dios G\u00e1mez Mend\u00edvil, rechaz\u00f3 cualquier relaci\u00f3n con actividades il\u00edcitas y asegur\u00f3 que las acusaciones carecen de fundamento.<\/p>\n\n\n\n<p>A trav\u00e9s de sus redes sociales, el edil afirm\u00f3 que siempre ha actuado con apego a la legalidad y con responsabilidad en el ejercicio del servicio p\u00fablico, reiterando su compromiso con la ciudadan\u00eda.<\/p>\n\n\n\n<p>Las declaraciones surgen luego de que el Departamento de Justicia de Estados Unidos incluyera su nombre, junto con el del gobernador de Sinaloa, Rub\u00e9n Rocha Moya, y otros funcionarios, en presuntas investigaciones relacionadas con narcotr\u00e1fico y posesi\u00f3n de armas.<\/p>\n\n\n\n<p>Pese a la controversia, G\u00e1mez Mend\u00edvil sostuvo que su administraci\u00f3n continuar\u00e1 trabajando de manera normal, enfocada en atender a la poblaci\u00f3n y cumplir con sus responsabilidades diarias.<\/p>\n","protected":false},"excerpt":{"rendered":"<p>Redacci\u00f3n \/ AVANCE Luego de los se\u00f1alamientos emitidos por autoridades estadounidenses, el alcalde de Culiac\u00e1n, Juan de Dios G\u00e1mez Mend\u00edvil, rechaz\u00f3 cualquier relaci\u00f3n con actividades il\u00edcitas y asegur\u00f3 que las acusaciones carecen de fundamento. A trav\u00e9s de sus redes sociales, el edil afirm\u00f3 que siempre ha actuado con apego a la legalidad y con responsabilidad [&hellip;]<\/p>\n","protected":false},"author":2,"featured_media":498146,"comment_status":"closed","ping_status":"closed","sticky":false,"template":"","format":"standard","meta":{"footnotes":""},"categories":[3],"tags":[],"class_list":["post-498145","post","type-post","status-publish","format-standard","has-post-thumbnail","hentry","category-nacional"],"_links":{"self":[{"href":"https:\/\/diarioavancetabasco.com\/index.php?rest_route=\/wp\/v2\/posts\/498145","targetHints":{"allow":["GET"]}}],"collection":[{"href":"https:\/\/diarioavancetabasco.com\/index.php?rest_route=\/wp\/v2\/posts"}],"about":[{"href":"https:\/\/diarioavancetabasco.com\/index.php?rest_route=\/wp\/v2\/types\/post"}],"author":[{"embeddable":true,"href":"https:\/\/diarioavancetabasco.com\/index.php?rest_route=\/wp\/v2\/users\/2"}],"replies":[{"embeddable":true,"href":"https:\/\/diarioavancetabasco.com\/index.php?rest_route=%2Fwp%2Fv2%2Fcomments&post=498145"}],"version-history":[{"count":1,"href":"https:\/\/diarioavancetabasco.com\/index.php?rest_route=\/wp\/v2\/posts\/498145\/revisions"}],"predecessor-version":[{"id":498147,"href":"https:\/\/diarioavancetabasco.com\/index.php?rest_route=\/wp\/v2\/posts\/498145\/revisions\/498147"}],"wp:featuredmedia":[{"embeddable":true,"href":"https:\/\/diarioavancetabasco.com\/index.php?rest_route=\/wp\/v2\/media\/498146"}],"wp:attachment":[{"href":"https:\/\/diarioavancetabasco.com\/index.php?rest_route=%2Fwp%2Fv2%2Fmedia&parent=498145"}],"wp:term":[{"taxonomy":"category","embeddable":true,"href":"https:\/\/diarioavancetabasco.com\/index.php?rest_route=%2Fwp%2Fv2%2Fcategories&post=498145"},{"taxonomy":"post_tag","embeddable":true,"href":"https:\/\/diarioavancetabasco.com\/index.php?rest_route=%2Fwp%2Fv2%2Ftags&post=498145"}],"curies":[{"name":"wp","href":"https:\/\/api.w.org\/{rel}","templated":true}]}}