{"id":498148,"date":"2026-04-29T20:25:27","date_gmt":"2026-04-30T01:25:27","guid":{"rendered":"https:\/\/diarioavancetabasco.com\/?p=498148"},"modified":"2026-04-29T20:25:28","modified_gmt":"2026-04-30T01:25:28","slug":"invitan-a-sheinbaum-a-cumbre-iberoamericana-durante-reunion-con-canciller-espanol","status":"publish","type":"post","link":"https:\/\/diarioavancetabasco.com\/?p=498148","title":{"rendered":"Invitan a Sheinbaum a Cumbre Iberoamericana durante reuni\u00f3n con canciller espa\u00f1ol"},"content":{"rendered":"\n<p class=\"has-medium-font-size\"><strong>Redacci\u00f3n \/ AVANCE<\/strong> <\/p>\n\n\n\n<p>En un encuentro realizado en Palacio Nacional, la presidenta de M\u00e9xico, Claudia Sheinbaum, recibi\u00f3 al ministro de Asuntos Exteriores de Espa\u00f1a, Jos\u00e9 Manuel Albares, quien le entreg\u00f3 de manera personal la invitaci\u00f3n del rey Felipe VI para asistir a la pr\u00f3xima Cumbre Iberoamericana que se celebrar\u00e1 en Madrid en noviembre.<\/p>\n\n\n\n<p>Durante la reuni\u00f3n, ambas partes dialogaron sobre el estado actual de la relaci\u00f3n bilateral entre M\u00e9xico y Espa\u00f1a, destacando los esfuerzos recientes por fortalecer los v\u00ednculos diplom\u00e1ticos y de cooperaci\u00f3n entre ambas naciones.<\/p>\n\n\n\n<p>El encuentro se llev\u00f3 a cabo de manera no programada en la agenda oficial y ocurre d\u00edas despu\u00e9s de que se escenificara un acercamiento entre ambos pa\u00edses en Barcelona, donde el presidente del Gobierno espa\u00f1ol, Pedro S\u00e1nchez, sostuvo una reuni\u00f3n con la mandataria mexicana, marcando un paso hacia la normalizaci\u00f3n de las relaciones diplom\u00e1ticas.<\/p>\n","protected":false},"excerpt":{"rendered":"<p>Redacci\u00f3n \/ AVANCE En un encuentro realizado en Palacio Nacional, la presidenta de M\u00e9xico, Claudia Sheinbaum, recibi\u00f3 al ministro de Asuntos Exteriores de Espa\u00f1a, Jos\u00e9 Manuel Albares, quien le entreg\u00f3 de manera personal la invitaci\u00f3n del rey Felipe VI para asistir a la pr\u00f3xima Cumbre Iberoamericana que se celebrar\u00e1 en Madrid en noviembre. Durante la [&hellip;]<\/p>\n","protected":false},"author":2,"featured_media":498150,"comment_status":"closed","ping_status":"closed","sticky":false,"template":"","format":"standard","meta":{"footnotes":""},"categories":[3],"tags":[],"class_list":["post-498148","post","type-post","status-publish","format-standard","has-post-thumbnail","hentry","category-nacional"],"_links":{"self":[{"href":"https:\/\/diarioavancetabasco.com\/index.php?rest_route=\/wp\/v2\/posts\/498148","targetHints":{"allow":["GET"]}}],"collection":[{"href":"https:\/\/diarioavancetabasco.com\/index.php?rest_route=\/wp\/v2\/posts"}],"about":[{"href":"https:\/\/diarioavancetabasco.com\/index.php?rest_route=\/wp\/v2\/types\/post"}],"author":[{"embeddable":true,"href":"https:\/\/diarioavancetabasco.com\/index.php?rest_route=\/wp\/v2\/users\/2"}],"replies":[{"embeddable":true,"href":"https:\/\/diarioavancetabasco.com\/index.php?rest_route=%2Fwp%2Fv2%2Fcomments&post=498148"}],"version-history":[{"count":1,"href":"https:\/\/diarioavancetabasco.com\/index.php?rest_route=\/wp\/v2\/posts\/498148\/revisions"}],"predecessor-version":[{"id":498151,"href":"https:\/\/diarioavancetabasco.com\/index.php?rest_route=\/wp\/v2\/posts\/498148\/revisions\/498151"}],"wp:featuredmedia":[{"embeddable":true,"href":"https:\/\/diarioavancetabasco.com\/index.php?rest_route=\/wp\/v2\/media\/498150"}],"wp:attachment":[{"href":"https:\/\/diarioavancetabasco.com\/index.php?rest_route=%2Fwp%2Fv2%2Fmedia&parent=498148"}],"wp:term":[{"taxonomy":"category","embeddable":true,"href":"https:\/\/diarioavancetabasco.com\/index.php?rest_route=%2Fwp%2Fv2%2Fcategories&post=498148"},{"taxonomy":"post_tag","embeddable":true,"href":"https:\/\/diarioavancetabasco.com\/index.php?rest_route=%2Fwp%2Fv2%2Ftags&post=498148"}],"curies":[{"name":"wp","href":"https:\/\/api.w.org\/{rel}","templated":true}]}}